{"id":1642,"date":"2017-02-01T08:44:38","date_gmt":"2017-02-01T07:44:38","guid":{"rendered":"http:\/\/fusion.bsc.es\/?p=1642"},"modified":"2017-02-01T09:11:01","modified_gmt":"2017-02-01T08:11:01","slug":"la-fusion-nuclear-en-la-radio","status":"publish","type":"post","link":"https:\/\/fusion.bsc.es\/index.php\/2017\/02\/01\/la-fusion-nuclear-en-la-radio\/","title":{"rendered":"La fusi\u00f3n nuclear en la radio"},"content":{"rendered":"<p style=\"text-align: justify;\"><img loading=\"lazy\" decoding=\"async\" class=\"wp-image-1657 size-full aligncenter\" src=\"http:\/\/fusion.bsc.es\/wp-content\/uploads\/rne5-e1485877896298.png\" width=\"750\" height=\"345\" srcset=\"https:\/\/fusion.bsc.es\/wp-content\/uploads\/rne5-e1485877896298.png 750w, https:\/\/fusion.bsc.es\/wp-content\/uploads\/rne5-e1485877896298-400x184.png 400w\" sizes=\"auto, (max-width: 750px) 100vw, 750px\" \/><\/p>\n<p style=\"text-align: justify;\">Este domingo, en el programa <strong><a href=\"http:\/\/www.rtve.es\/alacarta\/audios\/sostenible-y-renovable\/\"><em>&#8220;Sostenible y renovable&#8221;<\/em><\/a><\/strong> de RNE se ha entrevistado al f\u00edsico <strong>Carlos Alejaldre<\/strong> sobre la fusi\u00f3n nuclear. Carlos Alejaldre es investigador en el <a href=\"http:\/\/www.fusion.ciemat.es\">Laboratorio Nacional de Fusi\u00f3n<\/a> (<strong>CIEMAT<\/strong>) y ha sido <strong>director general adjunto del reactor de fusi\u00f3n ITER<\/strong>.<!--more--><\/p>\n<p style=\"text-align: justify;\">ITER, <em>el Reactor Termonuclear Experimental Internacional<\/em>, es uno de los proyectos m\u00e1s ambiciosos del mundo que pretende construir este dispositivo en Caradache, Francia, para <strong>demostrar la viabilidad de la fusi\u00f3n nuclear como una fuente de energ\u00eda a gran escala<\/strong>. La fusi\u00f3n nuclear no produce gases de efecto invernadero y el planeta dispone de suficientes recursos para fabricar el combustible durante millones de a\u00f1os.<\/p>\n<p style=\"text-align: justify;\">La entrevista se puede escuchar en el <strong><a href=\"http:\/\/www.rtve.es\/alacarta\/audios\/sostenible-y-renovable\/sostenible-renovable-iter-camino-fusion-nuclear-29-01-17\/3887142\/\">podcast<\/a><\/strong> del programa.<\/p>\n","protected":false},"excerpt":{"rendered":"<p>Este domingo, en el programa &#8220;Sostenible y renovable&#8221; de RNE se ha entrevistado al f\u00edsico Carlos Alejaldre sobre la fusi\u00f3n nuclear. Carlos Alejaldre es investigador en el Laboratorio Nacional de Fusi\u00f3n (CIEMAT) y ha sido director general adjunto del reactor de fusi\u00f3n ITER.<\/p>\n","protected":false},"author":4,"featured_media":0,"comment_status":"open","ping_status":"open","sticky":false,"template":"","format":"standard","meta":{"footnotes":""},"categories":[1,6],"tags":[],"class_list":["post-1642","post","type-post","status-publish","format-standard","hentry","category-news","category-world"],"_links":{"self":[{"href":"https:\/\/fusion.bsc.es\/index.php\/wp-json\/wp\/v2\/posts\/1642","targetHints":{"allow":["GET"]}}],"collection":[{"href":"https:\/\/fusion.bsc.es\/index.php\/wp-json\/wp\/v2\/posts"}],"about":[{"href":"https:\/\/fusion.bsc.es\/index.php\/wp-json\/wp\/v2\/types\/post"}],"author":[{"embeddable":true,"href":"https:\/\/fusion.bsc.es\/index.php\/wp-json\/wp\/v2\/users\/4"}],"replies":[{"embeddable":true,"href":"https:\/\/fusion.bsc.es\/index.php\/wp-json\/wp\/v2\/comments?post=1642"}],"version-history":[{"count":13,"href":"https:\/\/fusion.bsc.es\/index.php\/wp-json\/wp\/v2\/posts\/1642\/revisions"}],"predecessor-version":[{"id":1664,"href":"https:\/\/fusion.bsc.es\/index.php\/wp-json\/wp\/v2\/posts\/1642\/revisions\/1664"}],"wp:attachment":[{"href":"https:\/\/fusion.bsc.es\/index.php\/wp-json\/wp\/v2\/media?parent=1642"}],"wp:term":[{"taxonomy":"category","embeddable":true,"href":"https:\/\/fusion.bsc.es\/index.php\/wp-json\/wp\/v2\/categories?post=1642"},{"taxonomy":"post_tag","embeddable":true,"href":"https:\/\/fusion.bsc.es\/index.php\/wp-json\/wp\/v2\/tags?post=1642"}],"curies":[{"name":"wp","href":"https:\/\/api.w.org\/{rel}","templated":true}]}}